{"id":1832,"date":"2015-04-01T00:01:11","date_gmt":"2015-03-31T22:01:11","guid":{"rendered":"http:\/\/www.johannes-goederitz-stiftung.de\/?p=1832"},"modified":"2017-01-28T21:13:24","modified_gmt":"2017-01-28T19:13:24","slug":"stadt-silhouette-konzepte-fuer-das-dresdner-elbufer","status":"publish","type":"post","link":"https:\/\/www.johannes-goederitz-stiftung.de\/?p=1832","title":{"rendered":"Stadt &#038; Silhouette &#8211; Konzepte f\u00fcr das Dresdner Elbufer"},"content":{"rendered":"<p>Die Elbwiesen in Dresden bilden einen innerst\u00e4dtischen Gr\u00fcnraum, der sich beiderseits des Flusses durch das gesamte Stadtgebiet zieht. Trotz ihrer Weite bilden sie eine klare Raumfigur, die einerseits durch die Topografie des Elbtales und andererseits durch die Flusssilhouette der Stadt begrenzt wird. Dies ist die B\u00fchne, auf der sich die Stadt mit barocker Pracht in Szene setzt. Doch ohne diesen f\u00fcr alle selbstverst\u00e4ndlichen Freiraum g\u00e4be es das Image der Dresdner Stadtsilhouette nicht in den K\u00f6pfen der Menschen. Deshalb bedarf es immer einer klaren Definition der Grenze zwischen Stadtk\u00f6rper und Flussraum. Das Entwerfen an dieser wichtigen Schnittstelle bedarf um so mehr auch einer intensiven Arbeit am Bild der Stadt selbst.<br \/>\nGegenstand des diesj\u00e4hrigen Johannes-G\u00f6deritz-Preises ist das Terrassenufer westlich der Dresdner Altstadt sowie die r\u00fcckw\u00e4rtig angrenzenden Bereiche der Pirnaischen Vorstadt. Es gilt &#8211; nach intensiver Auseinandersetzung mit den planerischen Rahmenbedingungen vor Ort &#8211; neue Strategien und r\u00e4umliche Konzepte f\u00fcr die st\u00e4dtebauliche Weiterentwicklung des Areals zu erarbeiten. Wie kann die Schnittstelle zwischen Stadt und Fluss angemessen definiert werden? Wie k\u00f6nnte man die ber\u00fchmte Flusssilhouette weiterdenken? Welche Art von Urbanit\u00e4t k\u00f6nnte sich in der Pirnaischen Vorstadt (wieder) entwickeln? Wie kann die Br\u00fcckenkopfsituation am \u00dcbergang zur Altstadt interpretiert werden?<br \/>\nFolgende Termine sind derzeit vorgesehen:<\/p>\n<p>Ver\u00f6ffentlichung Auslobung: 01.04.2015<br \/>\nAusgabe digitale Unterlagen: 14.04.2015<br \/>\nExkursion\/Kolloquium Dresden:16-17.04.2015<br \/>\nschriftl. R\u00fcckfragen bis: 24.04.2015<br \/>\nAbgabe Wettbewerb: 21.08.2015<\/p>\n<p>Jury<\/p>\n<p>Die Jury setzt sich aus folgenden Preisrichtern zusammen:<br \/>\nUnabh\u00e4ngige Fachpreisrichter:<br \/>\n&#8211; Frau Dipl.-Ing. Anja Heckmann, Abteilungsleiterin Stadtplanung Innenstadt, Landeshauptstadt Dresden<br \/>\n&#8211; Frau Dipl.-Ing. Canan Rohde-Can, Rohdecan Architekten GmbH, Dresden<br \/>\n&#8211; Prof. Heiko Schellenberg, TU Dresden<br \/>\n&#8211; Prof. Sophie Wolfrum, TU M\u00fcnchen, Vertreter der Johannes-G\u00f6deritz-Stiftung<br \/>\nMitglieder des Vorstandes:<br \/>\n&#8211; Herr Dipl.-Ing. Uwe Bodemann, Stadtbaurat Hannover<br \/>\n&#8211; Frau Prof. Irene Lohaus, TU Dresden<br \/>\n&#8211; Herr Dr.-Ing. Detlef Naumann, Bonn<br \/>\n&#8211; Herr Dipl.-Ing. Wolfgang Wiechers, Braunschweig<br \/>\nDie Jurysitzung findet vorraussichtlich am 02.10.2015 in Dresden statt. Den Mitgliedern der Jury werden genaue Angaben zu Ort und Zeit rechtzeitig genannt.<\/p>\n<p>&nbsp;<\/p>\n<p>Preistr\u00e4ger:<\/p>\n<p>&nbsp;<\/p>\n<div id='gallery-1' class='gallery galleryid-1832 gallery-columns-4 gallery-size-thumbnail'><figure class='gallery-item'>\n\t\t\t<div class='gallery-icon landscape'>\n\t\t\t\t<a href='https:\/\/www.johannes-goederitz-stiftung.de\/wp-content\/uploads\/2015\/04\/rath-01.jpg'><img loading=\"lazy\" decoding=\"async\" width=\"150\" height=\"150\" src=\"https:\/\/www.johannes-goederitz-stiftung.de\/wp-content\/uploads\/2015\/04\/rath-01-150x150.jpg\" class=\"attachment-thumbnail size-thumbnail\" alt=\"\" \/><\/a>\n\t\t\t<\/div><\/figure><figure class='gallery-item'>\n\t\t\t<div class='gallery-icon landscape'>\n\t\t\t\t<a href='https:\/\/www.johannes-goederitz-stiftung.de\/wp-content\/uploads\/2015\/04\/rath-02.jpg'><img loading=\"lazy\" decoding=\"async\" width=\"150\" height=\"150\" src=\"https:\/\/www.johannes-goederitz-stiftung.de\/wp-content\/uploads\/2015\/04\/rath-02-150x150.jpg\" class=\"attachment-thumbnail size-thumbnail\" alt=\"\" \/><\/a>\n\t\t\t<\/div><\/figure><figure class='gallery-item'>\n\t\t\t<div class='gallery-icon landscape'>\n\t\t\t\t<a href='https:\/\/www.johannes-goederitz-stiftung.de\/wp-content\/uploads\/2015\/04\/rath-03.jpg'><img loading=\"lazy\" decoding=\"async\" width=\"150\" height=\"150\" src=\"https:\/\/www.johannes-goederitz-stiftung.de\/wp-content\/uploads\/2015\/04\/rath-03-150x150.jpg\" class=\"attachment-thumbnail size-thumbnail\" alt=\"\" \/><\/a>\n\t\t\t<\/div><\/figure><figure class='gallery-item'>\n\t\t\t<div class='gallery-icon landscape'>\n\t\t\t\t<a href='https:\/\/www.johannes-goederitz-stiftung.de\/wp-content\/uploads\/2015\/04\/rath-04.jpg'><img loading=\"lazy\" decoding=\"async\" width=\"150\" height=\"150\" src=\"https:\/\/www.johannes-goederitz-stiftung.de\/wp-content\/uploads\/2015\/04\/rath-04-150x150.jpg\" class=\"attachment-thumbnail size-thumbnail\" alt=\"\" \/><\/a>\n\t\t\t<\/div><\/figure>\n\t\t<\/div>\n\n<p><em>1.Preis: LU Hannover, Daria Rath, &#8222;City of Permanence&#8220;<\/em><\/p>\n<p>&nbsp;<\/p>\n<div id='gallery-2' class='gallery galleryid-1832 gallery-columns-4 gallery-size-thumbnail'><figure class='gallery-item'>\n\t\t\t<div class='gallery-icon landscape'>\n\t\t\t\t<a href='https:\/\/www.johannes-goederitz-stiftung.de\/wp-content\/uploads\/2015\/04\/dietzel_tanner-01-e1451995787228.jpg'><img loading=\"lazy\" decoding=\"async\" width=\"150\" height=\"150\" src=\"https:\/\/www.johannes-goederitz-stiftung.de\/wp-content\/uploads\/2015\/04\/dietzel_tanner-01-150x150.jpg\" class=\"attachment-thumbnail size-thumbnail\" alt=\"\" \/><\/a>\n\t\t\t<\/div><\/figure><figure class='gallery-item'>\n\t\t\t<div class='gallery-icon landscape'>\n\t\t\t\t<a href='https:\/\/www.johannes-goederitz-stiftung.de\/wp-content\/uploads\/2015\/04\/dietzel_tanner-02.jpg'><img loading=\"lazy\" decoding=\"async\" width=\"150\" height=\"150\" src=\"https:\/\/www.johannes-goederitz-stiftung.de\/wp-content\/uploads\/2015\/04\/dietzel_tanner-02-150x150.jpg\" class=\"attachment-thumbnail size-thumbnail\" alt=\"\" \/><\/a>\n\t\t\t<\/div><\/figure><figure class='gallery-item'>\n\t\t\t<div class='gallery-icon landscape'>\n\t\t\t\t<a href='https:\/\/www.johannes-goederitz-stiftung.de\/wp-content\/uploads\/2015\/04\/dietzel_tanner-03.jpg'><img loading=\"lazy\" decoding=\"async\" width=\"150\" height=\"150\" src=\"https:\/\/www.johannes-goederitz-stiftung.de\/wp-content\/uploads\/2015\/04\/dietzel_tanner-03-150x150.jpg\" class=\"attachment-thumbnail size-thumbnail\" alt=\"\" \/><\/a>\n\t\t\t<\/div><\/figure><figure class='gallery-item'>\n\t\t\t<div class='gallery-icon landscape'>\n\t\t\t\t<a href='https:\/\/www.johannes-goederitz-stiftung.de\/wp-content\/uploads\/2015\/04\/dietzel_tanner-04.jpg'><img loading=\"lazy\" decoding=\"async\" width=\"150\" height=\"150\" src=\"https:\/\/www.johannes-goederitz-stiftung.de\/wp-content\/uploads\/2015\/04\/dietzel_tanner-04-150x150.jpg\" class=\"attachment-thumbnail size-thumbnail\" alt=\"\" \/><\/a>\n\t\t\t<\/div><\/figure>\n\t\t<\/div>\n\n<p><em>2.Preis: TU Dresden, Nick Dietzel und Georg Tanner, &#8222;Esplanade&#8220;<\/em><\/p>\n<p>&nbsp;<\/p>\n<div id='gallery-3' class='gallery galleryid-1832 gallery-columns-4 gallery-size-thumbnail'><figure class='gallery-item'>\n\t\t\t<div class='gallery-icon landscape'>\n\t\t\t\t<a href='https:\/\/www.johannes-goederitz-stiftung.de\/wp-content\/uploads\/2015\/04\/megel_nemec-01.jpg'><img loading=\"lazy\" decoding=\"async\" width=\"150\" height=\"150\" src=\"https:\/\/www.johannes-goederitz-stiftung.de\/wp-content\/uploads\/2015\/04\/megel_nemec-01-150x150.jpg\" class=\"attachment-thumbnail size-thumbnail\" alt=\"\" \/><\/a>\n\t\t\t<\/div><\/figure><figure class='gallery-item'>\n\t\t\t<div class='gallery-icon landscape'>\n\t\t\t\t<a href='https:\/\/www.johannes-goederitz-stiftung.de\/wp-content\/uploads\/2015\/04\/megel_nemec-02.jpg'><img loading=\"lazy\" decoding=\"async\" width=\"150\" height=\"150\" src=\"https:\/\/www.johannes-goederitz-stiftung.de\/wp-content\/uploads\/2015\/04\/megel_nemec-02-150x150.jpg\" class=\"attachment-thumbnail size-thumbnail\" alt=\"\" \/><\/a>\n\t\t\t<\/div><\/figure><figure class='gallery-item'>\n\t\t\t<div class='gallery-icon landscape'>\n\t\t\t\t<a href='https:\/\/www.johannes-goederitz-stiftung.de\/wp-content\/uploads\/2015\/04\/megel_nemec-03.jpg'><img loading=\"lazy\" decoding=\"async\" width=\"150\" height=\"150\" src=\"https:\/\/www.johannes-goederitz-stiftung.de\/wp-content\/uploads\/2015\/04\/megel_nemec-03-150x150.jpg\" class=\"attachment-thumbnail size-thumbnail\" alt=\"\" \/><\/a>\n\t\t\t<\/div><\/figure><figure class='gallery-item'>\n\t\t\t<div class='gallery-icon landscape'>\n\t\t\t\t<a href='https:\/\/www.johannes-goederitz-stiftung.de\/wp-content\/uploads\/2015\/04\/megel_nemec-04.jpg'><img loading=\"lazy\" decoding=\"async\" width=\"150\" height=\"150\" src=\"https:\/\/www.johannes-goederitz-stiftung.de\/wp-content\/uploads\/2015\/04\/megel_nemec-04-150x150.jpg\" class=\"attachment-thumbnail size-thumbnail\" alt=\"\" \/><\/a>\n\t\t\t<\/div><\/figure>\n\t\t<\/div>\n\n<p><em>2.Preis: TU Dresden, Robert Megel und Borek Nemec <\/em><\/p>\n<p>&nbsp;<\/p>\n<div id='gallery-4' class='gallery galleryid-1832 gallery-columns-4 gallery-size-thumbnail'><figure class='gallery-item'>\n\t\t\t<div class='gallery-icon landscape'>\n\t\t\t\t<a href='https:\/\/www.johannes-goederitz-stiftung.de\/wp-content\/uploads\/2015\/04\/patzer-01.jpg'><img loading=\"lazy\" decoding=\"async\" width=\"150\" height=\"150\" src=\"https:\/\/www.johannes-goederitz-stiftung.de\/wp-content\/uploads\/2015\/04\/patzer-01-150x150.jpg\" class=\"attachment-thumbnail size-thumbnail\" alt=\"\" \/><\/a>\n\t\t\t<\/div><\/figure><figure class='gallery-item'>\n\t\t\t<div class='gallery-icon landscape'>\n\t\t\t\t<a href='https:\/\/www.johannes-goederitz-stiftung.de\/wp-content\/uploads\/2015\/04\/patzer-02.jpg'><img loading=\"lazy\" decoding=\"async\" width=\"150\" height=\"150\" src=\"https:\/\/www.johannes-goederitz-stiftung.de\/wp-content\/uploads\/2015\/04\/patzer-02-150x150.jpg\" class=\"attachment-thumbnail size-thumbnail\" alt=\"\" \/><\/a>\n\t\t\t<\/div><\/figure><figure class='gallery-item'>\n\t\t\t<div class='gallery-icon landscape'>\n\t\t\t\t<a href='https:\/\/www.johannes-goederitz-stiftung.de\/wp-content\/uploads\/2015\/04\/patzer-03.jpg'><img loading=\"lazy\" decoding=\"async\" width=\"150\" height=\"150\" src=\"https:\/\/www.johannes-goederitz-stiftung.de\/wp-content\/uploads\/2015\/04\/patzer-03-150x150.jpg\" class=\"attachment-thumbnail size-thumbnail\" alt=\"\" \/><\/a>\n\t\t\t<\/div><\/figure><figure class='gallery-item'>\n\t\t\t<div class='gallery-icon landscape'>\n\t\t\t\t<a href='https:\/\/www.johannes-goederitz-stiftung.de\/wp-content\/uploads\/2015\/04\/patzer-04.jpg'><img loading=\"lazy\" decoding=\"async\" width=\"150\" height=\"150\" src=\"https:\/\/www.johannes-goederitz-stiftung.de\/wp-content\/uploads\/2015\/04\/patzer-04-150x150.jpg\" class=\"attachment-thumbnail size-thumbnail\" alt=\"\" \/><\/a>\n\t\t\t<\/div><\/figure>\n\t\t<\/div>\n\n<p><em>2.Preis: TU Dresden, Laura Patzer<\/em><\/p>\n<p>&nbsp;<\/p>\n<div id='gallery-5' class='gallery galleryid-1832 gallery-columns-4 gallery-size-thumbnail'><figure class='gallery-item'>\n\t\t\t<div class='gallery-icon landscape'>\n\t\t\t\t<a href='https:\/\/www.johannes-goederitz-stiftung.de\/wp-content\/uploads\/2015\/04\/bauer_remmler-01.jpg'><img loading=\"lazy\" decoding=\"async\" width=\"150\" height=\"150\" src=\"https:\/\/www.johannes-goederitz-stiftung.de\/wp-content\/uploads\/2015\/04\/bauer_remmler-01-150x150.jpg\" class=\"attachment-thumbnail size-thumbnail\" alt=\"\" \/><\/a>\n\t\t\t<\/div><\/figure><figure class='gallery-item'>\n\t\t\t<div class='gallery-icon landscape'>\n\t\t\t\t<a href='https:\/\/www.johannes-goederitz-stiftung.de\/wp-content\/uploads\/2015\/04\/bauer_remmler-02.jpg'><img loading=\"lazy\" decoding=\"async\" width=\"150\" height=\"150\" src=\"https:\/\/www.johannes-goederitz-stiftung.de\/wp-content\/uploads\/2015\/04\/bauer_remmler-02-150x150.jpg\" class=\"attachment-thumbnail size-thumbnail\" alt=\"\" \/><\/a>\n\t\t\t<\/div><\/figure><figure class='gallery-item'>\n\t\t\t<div class='gallery-icon landscape'>\n\t\t\t\t<a href='https:\/\/www.johannes-goederitz-stiftung.de\/wp-content\/uploads\/2015\/04\/bauer_remmler-03.jpg'><img loading=\"lazy\" decoding=\"async\" width=\"150\" height=\"150\" src=\"https:\/\/www.johannes-goederitz-stiftung.de\/wp-content\/uploads\/2015\/04\/bauer_remmler-03-150x150.jpg\" class=\"attachment-thumbnail size-thumbnail\" alt=\"\" \/><\/a>\n\t\t\t<\/div><\/figure><figure class='gallery-item'>\n\t\t\t<div class='gallery-icon landscape'>\n\t\t\t\t<a href='https:\/\/www.johannes-goederitz-stiftung.de\/wp-content\/uploads\/2015\/04\/bauer_remmler-04.jpg'><img loading=\"lazy\" decoding=\"async\" width=\"150\" height=\"150\" src=\"https:\/\/www.johannes-goederitz-stiftung.de\/wp-content\/uploads\/2015\/04\/bauer_remmler-04-150x150.jpg\" class=\"attachment-thumbnail size-thumbnail\" alt=\"\" \/><\/a>\n\t\t\t<\/div><\/figure>\n\t\t<\/div>\n\n<p><em><em>3.Preis: TU Dresden, Melanie Bauer und Saskia Remmler, &#8222;Gr\u00fcne Vernetzung&#8220;<br \/>\n<\/em><\/em><\/p>\n<p>&nbsp;<\/p>\n<div id='gallery-6' class='gallery galleryid-1832 gallery-columns-4 gallery-size-thumbnail'><figure class='gallery-item'>\n\t\t\t<div class='gallery-icon landscape'>\n\t\t\t\t<a href='https:\/\/www.johannes-goederitz-stiftung.de\/wp-content\/uploads\/2015\/04\/brendel_stahn-01.jpg'><img loading=\"lazy\" decoding=\"async\" width=\"150\" height=\"150\" src=\"https:\/\/www.johannes-goederitz-stiftung.de\/wp-content\/uploads\/2015\/04\/brendel_stahn-01-150x150.jpg\" class=\"attachment-thumbnail size-thumbnail\" alt=\"\" \/><\/a>\n\t\t\t<\/div><\/figure><figure class='gallery-item'>\n\t\t\t<div class='gallery-icon landscape'>\n\t\t\t\t<a href='https:\/\/www.johannes-goederitz-stiftung.de\/wp-content\/uploads\/2015\/04\/brendel_stahn-02.jpg'><img loading=\"lazy\" decoding=\"async\" width=\"150\" height=\"150\" src=\"https:\/\/www.johannes-goederitz-stiftung.de\/wp-content\/uploads\/2015\/04\/brendel_stahn-02-150x150.jpg\" class=\"attachment-thumbnail size-thumbnail\" alt=\"\" \/><\/a>\n\t\t\t<\/div><\/figure><figure class='gallery-item'>\n\t\t\t<div class='gallery-icon landscape'>\n\t\t\t\t<a href='https:\/\/www.johannes-goederitz-stiftung.de\/wp-content\/uploads\/2015\/04\/brendel_stahn-03.jpg'><img loading=\"lazy\" decoding=\"async\" width=\"150\" height=\"150\" src=\"https:\/\/www.johannes-goederitz-stiftung.de\/wp-content\/uploads\/2015\/04\/brendel_stahn-03-150x150.jpg\" class=\"attachment-thumbnail size-thumbnail\" alt=\"\" \/><\/a>\n\t\t\t<\/div><\/figure><figure class='gallery-item'>\n\t\t\t<div class='gallery-icon landscape'>\n\t\t\t\t<a href='https:\/\/www.johannes-goederitz-stiftung.de\/wp-content\/uploads\/2015\/04\/brendel_stahn-04.jpg'><img loading=\"lazy\" decoding=\"async\" width=\"150\" height=\"150\" src=\"https:\/\/www.johannes-goederitz-stiftung.de\/wp-content\/uploads\/2015\/04\/brendel_stahn-04-150x150.jpg\" class=\"attachment-thumbnail size-thumbnail\" alt=\"\" \/><\/a>\n\t\t\t<\/div><\/figure>\n\t\t<\/div>\n\n<p><em>3.Preis: TU Dresden, Albert Stahn und Ren\u00e9 Brendel,\u00a0&#8222;Pirnaische Vorstadt 3.0&#8220;<\/em><\/p>\n","protected":false},"excerpt":{"rendered":"<p>Die Elbwiesen in Dresden bilden einen innerst\u00e4dtischen Gr\u00fcnraum, der sich beiderseits des Flusses durch das gesamte Stadtgebiet zieht&#8230;.<\/p>\n","protected":false},"author":1,"featured_media":1830,"comment_status":"closed","ping_status":"closed","sticky":false,"template":"","format":"standard","meta":{"footnotes":""},"categories":[11],"tags":[],"class_list":["post-1832","post","type-post","status-publish","format-standard","has-post-thumbnail","hentry","category-wettbewerbe","content-wrap"],"_links":{"self":[{"href":"https:\/\/www.johannes-goederitz-stiftung.de\/index.php?rest_route=\/wp\/v2\/posts\/1832","targetHints":{"allow":["GET"]}}],"collection":[{"href":"https:\/\/www.johannes-goederitz-stiftung.de\/index.php?rest_route=\/wp\/v2\/posts"}],"about":[{"href":"https:\/\/www.johannes-goederitz-stiftung.de\/index.php?rest_route=\/wp\/v2\/types\/post"}],"author":[{"embeddable":true,"href":"https:\/\/www.johannes-goederitz-stiftung.de\/index.php?rest_route=\/wp\/v2\/users\/1"}],"replies":[{"embeddable":true,"href":"https:\/\/www.johannes-goederitz-stiftung.de\/index.php?rest_route=%2Fwp%2Fv2%2Fcomments&post=1832"}],"version-history":[{"count":21,"href":"https:\/\/www.johannes-goederitz-stiftung.de\/index.php?rest_route=\/wp\/v2\/posts\/1832\/revisions"}],"predecessor-version":[{"id":1974,"href":"https:\/\/www.johannes-goederitz-stiftung.de\/index.php?rest_route=\/wp\/v2\/posts\/1832\/revisions\/1974"}],"wp:featuredmedia":[{"embeddable":true,"href":"https:\/\/www.johannes-goederitz-stiftung.de\/index.php?rest_route=\/wp\/v2\/media\/1830"}],"wp:attachment":[{"href":"https:\/\/www.johannes-goederitz-stiftung.de\/index.php?rest_route=%2Fwp%2Fv2%2Fmedia&parent=1832"}],"wp:term":[{"taxonomy":"category","embeddable":true,"href":"https:\/\/www.johannes-goederitz-stiftung.de\/index.php?rest_route=%2Fwp%2Fv2%2Fcategories&post=1832"},{"taxonomy":"post_tag","embeddable":true,"href":"https:\/\/www.johannes-goederitz-stiftung.de\/index.php?rest_route=%2Fwp%2Fv2%2Ftags&post=1832"}],"curies":[{"name":"wp","href":"https:\/\/api.w.org\/{rel}","templated":true}]}}