{"id":2430,"date":"2021-10-04T14:44:13","date_gmt":"2021-10-04T12:44:13","guid":{"rendered":"http:\/\/www.johannes-goederitz-stiftung.de\/?p=2430"},"modified":"2024-11-05T09:25:21","modified_gmt":"2024-11-05T07:25:21","slug":"die-zukunft-der-grossen-strasse","status":"publish","type":"post","link":"https:\/\/www.johannes-goederitz-stiftung.de\/?p=2430","title":{"rendered":"Die Zukunft der gro\u00dfen Stra\u00dfe"},"content":{"rendered":"\n<p class=\"has-large-font-size\"><strong>Von der autogrechten zu einer menschengerechten Stadt?<\/strong><\/p>\n\n\n\n<p>\u201eDas Wunder von Hannover\u201c lautete ein Titel aus dem SPIEGEL im Jahr 1959. Hintergrund war die kompromisslose, damals als fortschrittlich empfundene, Umsetzung der Vision der autogerechten Stadt durch den damaligen Stadtbaurat Rudolf Hillebrecht. Entstanden ist ein mehrspuriger Ring um die Innenstadt Hannovers, f\u00fcr dessen Bau historische Bausubstanz in erheblichem Umfang geopfert wurde. Ausgehend von diesem Ring verbinden breite Verkehrsachsen die Innenstadt mit dem Fernverkehr und der Region.<\/p>\n\n\n\n<p>Diese Stra\u00dfen sind keineswegs eine Besonderheit der Stadt Hannover. Sie pr\u00e4gen das Stadtbild nahezu jeder deutschen Gro\u00dfstadt und damit den Alltag vieler Menschen. Diese Stra\u00dfen und ihre angrenzende Bebauung sind ganz der Logik des motorisierten Individualverkehrs unterworfen. Sie sind stark durch L\u00e4rm und Feinstaub belastet und wirken wie kaum \u00fcberwindbare Barrieren im st\u00e4dtischen Gef\u00fcge. Doch was passiert mit diesen Stra\u00dfen, wenn die Verkehrswende ihre ganze Wirkung entfalten w\u00fcrde?<\/p>\n\n\n\n<p>Am Beispiel der Vahrenwalder Stra\u00dfe soll ein Blick in eine Zukunft nach der Mobilit\u00e4tswende geworfen werden und eine Vision f\u00fcr die gro\u00dfe Stra\u00dfe nach der autogerechten Stadt&nbsp;entwickelt werden.<\/p>\n\n\n\n<p style=\"font-size:31px\"><strong>Dokumentation<\/strong><\/p>\n\n\n\n<p>Die Dokumentation kann unter folgendem Link heruntergeladen werden.<br><a href=\"http:\/\/www.tu-braunschweig-isl.de\/goederitz\/downloads\/JGP_Dokumentation_202122.pdf\">http:\/\/www.tu-braunschweig-isl.de\/goederitz\/downloads\/JGP_Dokumentation_202122.pdf<\/a><\/p>\n\n\n\n<p style=\"font-size:31px\"><strong>Auslobende Universit\u00e4t<\/strong><\/p>\n\n\n\n<p><strong>Leibniz Universit\u00e4t Hannover<\/strong><br>Fakult\u00e4t f\u00fcr Architektur und Landschaft<br>Institut f\u00fcr Entwerfen und St\u00e4dtebau<br><em>Prof. Tim Rieniets<\/em><\/p>\n\n\n\n<p style=\"font-size:31px\"><strong><strong>Teilnehmende Universit\u00e4ten<\/strong><\/strong><\/p>\n\n\n\n<p><strong>RWTH Aachen University- Fakult\u00e4t f\u00fcr Architektur<\/strong><br>Lehrstuhl und Institut f\u00fcr St\u00e4dtebau<br><em>Prof. Dipl.-Ing. Christa Reicher<\/em><\/p>\n\n\n\n<p><strong>Technische Universit\u00e4t Braunschweig<\/strong><br>Institut f\u00fcr St\u00e4dtebau und Entwurfsmethodik<br><em>Prof. Uwe Brederlau<\/em><\/p>\n\n\n\n<p><strong>Technische Universit\u00e4t Dresden<\/strong><br>Institut f\u00fcr St\u00e4dtebau und Regionalplanung <br><em>Prof. Melanie Humann<\/em><\/p>\n\n\n\n<p><strong>Universit\u00e4t Kassel<\/strong><br>Institut f\u00fcr Urbane Entwicklungen <br><em>Prof. Stefan Rettich<\/em><\/p>\n\n\n\n<p><\/p>\n\n\n\n<h2 class=\"wp-block-heading\">Jury<\/h2>\n\n\n\n<p><strong>Prof. Mark Michaeli<\/strong> TU M\u00fcnchen<\/p>\n\n\n\n<p><strong>Prof. Irene Lohaus<\/strong> G\u00f6deritz Stiftung, TU Dresden<\/p>\n\n\n\n<p><strong>Thomas Vielhaber<\/strong> G\u00f6deritz Stiftung, Stadtbaurat Hannover<\/p>\n\n\n\n<p><strong>Thorsten Warnecke<\/strong> Fachbereichsleiter f\u00fcr Planen und Stadtentwicklung Hannover<\/p>\n\n\n\n<p><strong>Dr. Verena Brehm<\/strong> Cityf\u00f6rster Hannover<\/p>\n\n\n\n<p><strong>Henrik Sander<\/strong> Orange Edge Hamburg, Lehrbeauftragter<br>f\u00fcr nachhaltige Mobilit\u00e4t an der Leibniz Universit\u00e4t Hannover<\/p>\n\n\n\n<p><strong>Bernd Riedel<\/strong> Ellery Studio Berlin<\/p>\n\n\n\n<p><strong>Tev Wilhelmsen<\/strong> MOSAIK architekten bda<\/p>\n\n\n\n<h2 class=\"wp-block-heading\">Preistr\u00e4ger: innen<\/h2>\n\n\n\n<figure class=\"wp-block-gallery has-nested-images columns-default is-cropped wp-block-gallery-1 is-layout-flex wp-block-gallery-is-layout-flex\">\n<figure class=\"wp-block-image size-large\"><a href=\"https:\/\/www.johannes-goederitz-stiftung.de\/wp-content\/uploads\/2021\/10\/JGP-Preis1-1.1.png\"><img loading=\"lazy\" decoding=\"async\" width=\"724\" height=\"1024\" data-id=\"2478\" src=\"https:\/\/www.johannes-goederitz-stiftung.de\/wp-content\/uploads\/2021\/10\/JGP-Preis1-1.1-724x1024.png\" alt=\"\" class=\"wp-image-2478\" srcset=\"https:\/\/www.johannes-goederitz-stiftung.de\/wp-content\/uploads\/2021\/10\/JGP-Preis1-1.1-724x1024.png 724w, https:\/\/www.johannes-goederitz-stiftung.de\/wp-content\/uploads\/2021\/10\/JGP-Preis1-1.1-212x300.png 212w, https:\/\/www.johannes-goederitz-stiftung.de\/wp-content\/uploads\/2021\/10\/JGP-Preis1-1.1-768x1086.png 768w, https:\/\/www.johannes-goederitz-stiftung.de\/wp-content\/uploads\/2021\/10\/JGP-Preis1-1.1-600x848.png 600w, https:\/\/www.johannes-goederitz-stiftung.de\/wp-content\/uploads\/2021\/10\/JGP-Preis1-1.1.png 1000w\" sizes=\"auto, (max-width: 724px) 100vw, 724px\" \/><\/a><\/figure>\n\n\n\n<figure class=\"wp-block-image size-large\"><a href=\"https:\/\/www.johannes-goederitz-stiftung.de\/wp-content\/uploads\/2021\/10\/JGP-Preis1-1.2.png\"><img loading=\"lazy\" decoding=\"async\" width=\"724\" height=\"1024\" data-id=\"2479\" src=\"https:\/\/www.johannes-goederitz-stiftung.de\/wp-content\/uploads\/2021\/10\/JGP-Preis1-1.2-724x1024.png\" alt=\"\" class=\"wp-image-2479\" srcset=\"https:\/\/www.johannes-goederitz-stiftung.de\/wp-content\/uploads\/2021\/10\/JGP-Preis1-1.2-724x1024.png 724w, https:\/\/www.johannes-goederitz-stiftung.de\/wp-content\/uploads\/2021\/10\/JGP-Preis1-1.2-212x300.png 212w, https:\/\/www.johannes-goederitz-stiftung.de\/wp-content\/uploads\/2021\/10\/JGP-Preis1-1.2-768x1086.png 768w, https:\/\/www.johannes-goederitz-stiftung.de\/wp-content\/uploads\/2021\/10\/JGP-Preis1-1.2-600x848.png 600w, https:\/\/www.johannes-goederitz-stiftung.de\/wp-content\/uploads\/2021\/10\/JGP-Preis1-1.2.png 1000w\" sizes=\"auto, (max-width: 724px) 100vw, 724px\" \/><\/a><\/figure>\n\n\n\n<figure class=\"wp-block-image size-large\"><a href=\"https:\/\/www.johannes-goederitz-stiftung.de\/wp-content\/uploads\/2021\/10\/JGP-Preis1-1.3.png\"><img loading=\"lazy\" decoding=\"async\" width=\"724\" height=\"1024\" data-id=\"2480\" src=\"https:\/\/www.johannes-goederitz-stiftung.de\/wp-content\/uploads\/2021\/10\/JGP-Preis1-1.3-724x1024.png\" alt=\"\" class=\"wp-image-2480\" srcset=\"https:\/\/www.johannes-goederitz-stiftung.de\/wp-content\/uploads\/2021\/10\/JGP-Preis1-1.3-724x1024.png 724w, https:\/\/www.johannes-goederitz-stiftung.de\/wp-content\/uploads\/2021\/10\/JGP-Preis1-1.3-212x300.png 212w, https:\/\/www.johannes-goederitz-stiftung.de\/wp-content\/uploads\/2021\/10\/JGP-Preis1-1.3-768x1086.png 768w, https:\/\/www.johannes-goederitz-stiftung.de\/wp-content\/uploads\/2021\/10\/JGP-Preis1-1.3-600x848.png 600w, https:\/\/www.johannes-goederitz-stiftung.de\/wp-content\/uploads\/2021\/10\/JGP-Preis1-1.3.png 1000w\" sizes=\"auto, (max-width: 724px) 100vw, 724px\" \/><\/a><\/figure>\n<\/figure>\n\n\n\n<div class=\"wp-block-columns is-layout-flex wp-container-core-columns-is-layout-9d6595d7 wp-block-columns-is-layout-flex\">\n<div class=\"wp-block-column is-layout-flow wp-block-column-is-layout-flow\" style=\"flex-basis:100%\">\n<div class=\"wp-block-group\"><div class=\"wp-block-group__inner-container is-layout-flow wp-block-group-is-layout-flow\">\n<p><strong>1<\/strong>. <strong>Preis<\/strong><br><strong>Gemeinsam ver\u00e4ndern<\/strong><br>Raja Bretschneider, Nicolai Scheinhardt<br>TU Dresden<\/p>\n<\/div><\/div>\n<\/div>\n<\/div>\n\n\n\n<figure class=\"wp-block-gallery has-nested-images columns-default is-cropped wp-block-gallery-2 is-layout-flex wp-block-gallery-is-layout-flex\">\n<figure class=\"wp-block-image size-large\"><a href=\"https:\/\/www.johannes-goederitz-stiftung.de\/wp-content\/uploads\/2021\/10\/JGP-Preis1-2.1.png\"><img loading=\"lazy\" decoding=\"async\" width=\"707\" height=\"1000\" data-id=\"2482\" src=\"https:\/\/www.johannes-goederitz-stiftung.de\/wp-content\/uploads\/2021\/10\/JGP-Preis1-2.1.png\" alt=\"\" class=\"wp-image-2482\" srcset=\"https:\/\/www.johannes-goederitz-stiftung.de\/wp-content\/uploads\/2021\/10\/JGP-Preis1-2.1.png 707w, https:\/\/www.johannes-goederitz-stiftung.de\/wp-content\/uploads\/2021\/10\/JGP-Preis1-2.1-212x300.png 212w, https:\/\/www.johannes-goederitz-stiftung.de\/wp-content\/uploads\/2021\/10\/JGP-Preis1-2.1-600x849.png 600w\" sizes=\"auto, (max-width: 707px) 100vw, 707px\" \/><\/a><\/figure>\n\n\n\n<figure class=\"wp-block-image size-large\"><a href=\"https:\/\/www.johannes-goederitz-stiftung.de\/wp-content\/uploads\/2021\/10\/JGP-Preis1-2.2.png\"><img loading=\"lazy\" decoding=\"async\" width=\"707\" height=\"1000\" data-id=\"2483\" src=\"https:\/\/www.johannes-goederitz-stiftung.de\/wp-content\/uploads\/2021\/10\/JGP-Preis1-2.2.png\" alt=\"\" class=\"wp-image-2483\" srcset=\"https:\/\/www.johannes-goederitz-stiftung.de\/wp-content\/uploads\/2021\/10\/JGP-Preis1-2.2.png 707w, https:\/\/www.johannes-goederitz-stiftung.de\/wp-content\/uploads\/2021\/10\/JGP-Preis1-2.2-212x300.png 212w, https:\/\/www.johannes-goederitz-stiftung.de\/wp-content\/uploads\/2021\/10\/JGP-Preis1-2.2-600x849.png 600w\" sizes=\"auto, (max-width: 707px) 100vw, 707px\" \/><\/a><\/figure>\n\n\n\n<figure class=\"wp-block-image size-large\"><a href=\"https:\/\/www.johannes-goederitz-stiftung.de\/wp-content\/uploads\/2021\/10\/JGP-Preis1-2.3.png\"><img loading=\"lazy\" decoding=\"async\" width=\"707\" height=\"1000\" data-id=\"2484\" src=\"https:\/\/www.johannes-goederitz-stiftung.de\/wp-content\/uploads\/2021\/10\/JGP-Preis1-2.3.png\" alt=\"\" class=\"wp-image-2484\" srcset=\"https:\/\/www.johannes-goederitz-stiftung.de\/wp-content\/uploads\/2021\/10\/JGP-Preis1-2.3.png 707w, https:\/\/www.johannes-goederitz-stiftung.de\/wp-content\/uploads\/2021\/10\/JGP-Preis1-2.3-212x300.png 212w, https:\/\/www.johannes-goederitz-stiftung.de\/wp-content\/uploads\/2021\/10\/JGP-Preis1-2.3-600x849.png 600w\" sizes=\"auto, (max-width: 707px) 100vw, 707px\" \/><\/a><\/figure>\n<\/figure>\n\n\n\n<div class=\"wp-block-columns is-layout-flex wp-container-core-columns-is-layout-9d6595d7 wp-block-columns-is-layout-flex\">\n<div class=\"wp-block-column is-layout-flow wp-block-column-is-layout-flow\" style=\"flex-basis:100%\">\n<div class=\"wp-block-group\"><div class=\"wp-block-group__inner-container is-layout-flow wp-block-group-is-layout-flow\">\n<p><strong>1<\/strong>. <strong>Preis<\/strong><br><strong>From devider to connector<\/strong><br>Judith Stadtmann, Julius Wehrkamp<br>TU Braunschweig<\/p>\n<\/div><\/div>\n<\/div>\n<\/div>\n\n\n\n<figure class=\"wp-block-gallery has-nested-images columns-default is-cropped wp-block-gallery-3 is-layout-flex wp-block-gallery-is-layout-flex\">\n<figure class=\"wp-block-image size-large\"><a href=\"https:\/\/www.johannes-goederitz-stiftung.de\/wp-content\/uploads\/2021\/10\/JGP-Preis2-1.1.png\"><img loading=\"lazy\" decoding=\"async\" width=\"704\" height=\"1000\" data-id=\"2485\" src=\"https:\/\/www.johannes-goederitz-stiftung.de\/wp-content\/uploads\/2021\/10\/JGP-Preis2-1.1.png\" alt=\"\" class=\"wp-image-2485\" srcset=\"https:\/\/www.johannes-goederitz-stiftung.de\/wp-content\/uploads\/2021\/10\/JGP-Preis2-1.1.png 704w, https:\/\/www.johannes-goederitz-stiftung.de\/wp-content\/uploads\/2021\/10\/JGP-Preis2-1.1-211x300.png 211w, https:\/\/www.johannes-goederitz-stiftung.de\/wp-content\/uploads\/2021\/10\/JGP-Preis2-1.1-600x852.png 600w\" sizes=\"auto, (max-width: 704px) 100vw, 704px\" \/><\/a><\/figure>\n\n\n\n<figure class=\"wp-block-image size-large\"><a href=\"https:\/\/www.johannes-goederitz-stiftung.de\/wp-content\/uploads\/2021\/10\/JGP-Preis2-1.2.png\"><img loading=\"lazy\" decoding=\"async\" width=\"704\" height=\"1000\" data-id=\"2486\" src=\"https:\/\/www.johannes-goederitz-stiftung.de\/wp-content\/uploads\/2021\/10\/JGP-Preis2-1.2.png\" alt=\"\" class=\"wp-image-2486\" srcset=\"https:\/\/www.johannes-goederitz-stiftung.de\/wp-content\/uploads\/2021\/10\/JGP-Preis2-1.2.png 704w, https:\/\/www.johannes-goederitz-stiftung.de\/wp-content\/uploads\/2021\/10\/JGP-Preis2-1.2-211x300.png 211w, https:\/\/www.johannes-goederitz-stiftung.de\/wp-content\/uploads\/2021\/10\/JGP-Preis2-1.2-600x852.png 600w\" sizes=\"auto, (max-width: 704px) 100vw, 704px\" \/><\/a><\/figure>\n\n\n\n<figure class=\"wp-block-image size-large\"><a href=\"https:\/\/www.johannes-goederitz-stiftung.de\/wp-content\/uploads\/2021\/10\/JGP-Preis2-1.3.png\"><img loading=\"lazy\" decoding=\"async\" width=\"704\" height=\"1000\" data-id=\"2487\" src=\"https:\/\/www.johannes-goederitz-stiftung.de\/wp-content\/uploads\/2021\/10\/JGP-Preis2-1.3.png\" alt=\"\" class=\"wp-image-2487\" srcset=\"https:\/\/www.johannes-goederitz-stiftung.de\/wp-content\/uploads\/2021\/10\/JGP-Preis2-1.3.png 704w, https:\/\/www.johannes-goederitz-stiftung.de\/wp-content\/uploads\/2021\/10\/JGP-Preis2-1.3-211x300.png 211w, https:\/\/www.johannes-goederitz-stiftung.de\/wp-content\/uploads\/2021\/10\/JGP-Preis2-1.3-600x852.png 600w\" sizes=\"auto, (max-width: 704px) 100vw, 704px\" \/><\/a><\/figure>\n<\/figure>\n\n\n\n<div class=\"wp-block-columns is-layout-flex wp-container-core-columns-is-layout-9d6595d7 wp-block-columns-is-layout-flex\">\n<div class=\"wp-block-column is-layout-flow wp-block-column-is-layout-flow\" style=\"flex-basis:100%\">\n<div class=\"wp-block-group\"><div class=\"wp-block-group__inner-container is-layout-flow wp-block-group-is-layout-flow\">\n<p><strong>2.<\/strong> <strong>Preis<\/strong><br><strong>Stra\u00dfen im Wandel<\/strong><br>Paul Gucinski, Ludwig Weimert<br>TU Dresden<\/p>\n<\/div><\/div>\n<\/div>\n<\/div>\n\n\n\n<figure class=\"wp-block-gallery has-nested-images columns-default is-cropped wp-block-gallery-4 is-layout-flex wp-block-gallery-is-layout-flex\">\n<figure class=\"wp-block-image size-large\"><a href=\"https:\/\/www.johannes-goederitz-stiftung.de\/wp-content\/uploads\/2021\/10\/JGP-Preis2-2.1.png\"><img loading=\"lazy\" decoding=\"async\" width=\"704\" height=\"1000\" data-id=\"2488\" src=\"https:\/\/www.johannes-goederitz-stiftung.de\/wp-content\/uploads\/2021\/10\/JGP-Preis2-2.1.png\" alt=\"\" class=\"wp-image-2488\" srcset=\"https:\/\/www.johannes-goederitz-stiftung.de\/wp-content\/uploads\/2021\/10\/JGP-Preis2-2.1.png 704w, https:\/\/www.johannes-goederitz-stiftung.de\/wp-content\/uploads\/2021\/10\/JGP-Preis2-2.1-211x300.png 211w, https:\/\/www.johannes-goederitz-stiftung.de\/wp-content\/uploads\/2021\/10\/JGP-Preis2-2.1-600x852.png 600w\" sizes=\"auto, (max-width: 704px) 100vw, 704px\" \/><\/a><\/figure>\n\n\n\n<figure class=\"wp-block-image size-large\"><a href=\"https:\/\/www.johannes-goederitz-stiftung.de\/wp-content\/uploads\/2021\/10\/JGP-Preis2-2.2.png\"><img loading=\"lazy\" decoding=\"async\" width=\"704\" height=\"1000\" data-id=\"2489\" src=\"https:\/\/www.johannes-goederitz-stiftung.de\/wp-content\/uploads\/2021\/10\/JGP-Preis2-2.2.png\" alt=\"\" class=\"wp-image-2489\" srcset=\"https:\/\/www.johannes-goederitz-stiftung.de\/wp-content\/uploads\/2021\/10\/JGP-Preis2-2.2.png 704w, https:\/\/www.johannes-goederitz-stiftung.de\/wp-content\/uploads\/2021\/10\/JGP-Preis2-2.2-211x300.png 211w, https:\/\/www.johannes-goederitz-stiftung.de\/wp-content\/uploads\/2021\/10\/JGP-Preis2-2.2-600x852.png 600w\" sizes=\"auto, (max-width: 704px) 100vw, 704px\" \/><\/a><\/figure>\n\n\n\n<figure class=\"wp-block-image size-large\"><a href=\"https:\/\/www.johannes-goederitz-stiftung.de\/wp-content\/uploads\/2021\/10\/JGP-Preis2-2.3.png\"><img loading=\"lazy\" decoding=\"async\" width=\"693\" height=\"1000\" data-id=\"2490\" src=\"https:\/\/www.johannes-goederitz-stiftung.de\/wp-content\/uploads\/2021\/10\/JGP-Preis2-2.3.png\" alt=\"\" class=\"wp-image-2490\" srcset=\"https:\/\/www.johannes-goederitz-stiftung.de\/wp-content\/uploads\/2021\/10\/JGP-Preis2-2.3.png 693w, https:\/\/www.johannes-goederitz-stiftung.de\/wp-content\/uploads\/2021\/10\/JGP-Preis2-2.3-208x300.png 208w, https:\/\/www.johannes-goederitz-stiftung.de\/wp-content\/uploads\/2021\/10\/JGP-Preis2-2.3-600x866.png 600w\" sizes=\"auto, (max-width: 693px) 100vw, 693px\" \/><\/a><\/figure>\n<\/figure>\n\n\n\n<div class=\"wp-block-columns is-layout-flex wp-container-core-columns-is-layout-9d6595d7 wp-block-columns-is-layout-flex\">\n<div class=\"wp-block-column is-layout-flow wp-block-column-is-layout-flow\" style=\"flex-basis:100%\">\n<div class=\"wp-block-group\"><div class=\"wp-block-group__inner-container is-layout-flow wp-block-group-is-layout-flow\">\n<p><strong>2.<\/strong> <strong>Preis<\/strong><br><strong>Transforming streets<\/strong><br>Helena Gr\u00fcning, Vanessa Seidel<br>TU Dresden<\/p>\n<\/div><\/div>\n<\/div>\n<\/div>\n\n\n\n<figure class=\"wp-block-gallery has-nested-images columns-default is-cropped wp-block-gallery-5 is-layout-flex wp-block-gallery-is-layout-flex\">\n<figure class=\"wp-block-image size-large\"><a href=\"https:\/\/www.johannes-goederitz-stiftung.de\/wp-content\/uploads\/2021\/10\/JGP-Preis3-1.1.png\"><img loading=\"lazy\" decoding=\"async\" width=\"698\" height=\"1000\" data-id=\"2491\" src=\"https:\/\/www.johannes-goederitz-stiftung.de\/wp-content\/uploads\/2021\/10\/JGP-Preis3-1.1.png\" alt=\"\" class=\"wp-image-2491\" srcset=\"https:\/\/www.johannes-goederitz-stiftung.de\/wp-content\/uploads\/2021\/10\/JGP-Preis3-1.1.png 698w, https:\/\/www.johannes-goederitz-stiftung.de\/wp-content\/uploads\/2021\/10\/JGP-Preis3-1.1-209x300.png 209w, https:\/\/www.johannes-goederitz-stiftung.de\/wp-content\/uploads\/2021\/10\/JGP-Preis3-1.1-600x860.png 600w\" sizes=\"auto, (max-width: 698px) 100vw, 698px\" \/><\/a><\/figure>\n\n\n\n<figure class=\"wp-block-image size-large\"><a href=\"https:\/\/www.johannes-goederitz-stiftung.de\/wp-content\/uploads\/2021\/10\/JGP-Preis3-1.2.png\"><img loading=\"lazy\" decoding=\"async\" width=\"695\" height=\"1000\" data-id=\"2492\" src=\"https:\/\/www.johannes-goederitz-stiftung.de\/wp-content\/uploads\/2021\/10\/JGP-Preis3-1.2.png\" alt=\"\" class=\"wp-image-2492\" srcset=\"https:\/\/www.johannes-goederitz-stiftung.de\/wp-content\/uploads\/2021\/10\/JGP-Preis3-1.2.png 695w, https:\/\/www.johannes-goederitz-stiftung.de\/wp-content\/uploads\/2021\/10\/JGP-Preis3-1.2-209x300.png 209w, https:\/\/www.johannes-goederitz-stiftung.de\/wp-content\/uploads\/2021\/10\/JGP-Preis3-1.2-600x863.png 600w\" sizes=\"auto, (max-width: 695px) 100vw, 695px\" \/><\/a><\/figure>\n\n\n\n<figure class=\"wp-block-image size-large\"><a href=\"https:\/\/www.johannes-goederitz-stiftung.de\/wp-content\/uploads\/2021\/10\/JGP-Preis3-1.3.png\"><img loading=\"lazy\" decoding=\"async\" width=\"699\" height=\"1000\" data-id=\"2493\" src=\"https:\/\/www.johannes-goederitz-stiftung.de\/wp-content\/uploads\/2021\/10\/JGP-Preis3-1.3.png\" alt=\"\" class=\"wp-image-2493\" srcset=\"https:\/\/www.johannes-goederitz-stiftung.de\/wp-content\/uploads\/2021\/10\/JGP-Preis3-1.3.png 699w, https:\/\/www.johannes-goederitz-stiftung.de\/wp-content\/uploads\/2021\/10\/JGP-Preis3-1.3-210x300.png 210w, https:\/\/www.johannes-goederitz-stiftung.de\/wp-content\/uploads\/2021\/10\/JGP-Preis3-1.3-600x858.png 600w\" sizes=\"auto, (max-width: 699px) 100vw, 699px\" \/><\/a><\/figure>\n<\/figure>\n\n\n\n<div class=\"wp-block-columns is-layout-flex wp-container-core-columns-is-layout-9d6595d7 wp-block-columns-is-layout-flex\">\n<div class=\"wp-block-column is-layout-flow wp-block-column-is-layout-flow\" style=\"flex-basis:100%\">\n<div class=\"wp-block-group\"><div class=\"wp-block-group__inner-container is-layout-flow wp-block-group-is-layout-flow\">\n<p><strong>3.<\/strong> <strong>Preis<\/strong><br><strong>Hyper Hyper!<\/strong><br>Clara Roth, Konrad Voges<br>Leibniz Universit\u00e4t Hannover<\/p>\n<\/div><\/div>\n<\/div>\n<\/div>\n\n\n\n<figure class=\"wp-block-gallery has-nested-images columns-default is-cropped wp-block-gallery-6 is-layout-flex wp-block-gallery-is-layout-flex\">\n<figure class=\"wp-block-image size-large\"><a href=\"https:\/\/www.johannes-goederitz-stiftung.de\/wp-content\/uploads\/2021\/10\/JGP-Preis3-2.1.png\"><img loading=\"lazy\" decoding=\"async\" width=\"713\" height=\"1000\" data-id=\"2494\" src=\"https:\/\/www.johannes-goederitz-stiftung.de\/wp-content\/uploads\/2021\/10\/JGP-Preis3-2.1.png\" alt=\"\" class=\"wp-image-2494\" srcset=\"https:\/\/www.johannes-goederitz-stiftung.de\/wp-content\/uploads\/2021\/10\/JGP-Preis3-2.1.png 713w, https:\/\/www.johannes-goederitz-stiftung.de\/wp-content\/uploads\/2021\/10\/JGP-Preis3-2.1-214x300.png 214w, https:\/\/www.johannes-goederitz-stiftung.de\/wp-content\/uploads\/2021\/10\/JGP-Preis3-2.1-600x842.png 600w\" sizes=\"auto, (max-width: 713px) 100vw, 713px\" \/><\/a><\/figure>\n\n\n\n<figure class=\"wp-block-image size-large\"><a href=\"https:\/\/www.johannes-goederitz-stiftung.de\/wp-content\/uploads\/2021\/10\/JGP-Preis3-2.2.png\"><img loading=\"lazy\" decoding=\"async\" width=\"696\" height=\"1000\" data-id=\"2495\" src=\"https:\/\/www.johannes-goederitz-stiftung.de\/wp-content\/uploads\/2021\/10\/JGP-Preis3-2.2.png\" alt=\"\" class=\"wp-image-2495\" srcset=\"https:\/\/www.johannes-goederitz-stiftung.de\/wp-content\/uploads\/2021\/10\/JGP-Preis3-2.2.png 696w, https:\/\/www.johannes-goederitz-stiftung.de\/wp-content\/uploads\/2021\/10\/JGP-Preis3-2.2-209x300.png 209w, https:\/\/www.johannes-goederitz-stiftung.de\/wp-content\/uploads\/2021\/10\/JGP-Preis3-2.2-600x862.png 600w\" sizes=\"auto, (max-width: 696px) 100vw, 696px\" \/><\/a><\/figure>\n\n\n\n<figure class=\"wp-block-image size-large\"><a href=\"https:\/\/www.johannes-goederitz-stiftung.de\/wp-content\/uploads\/2021\/10\/JGP-Preis3-2.3.png\"><img loading=\"lazy\" decoding=\"async\" width=\"702\" height=\"1000\" data-id=\"2496\" src=\"https:\/\/www.johannes-goederitz-stiftung.de\/wp-content\/uploads\/2021\/10\/JGP-Preis3-2.3.png\" alt=\"\" class=\"wp-image-2496\" srcset=\"https:\/\/www.johannes-goederitz-stiftung.de\/wp-content\/uploads\/2021\/10\/JGP-Preis3-2.3.png 702w, https:\/\/www.johannes-goederitz-stiftung.de\/wp-content\/uploads\/2021\/10\/JGP-Preis3-2.3-211x300.png 211w, https:\/\/www.johannes-goederitz-stiftung.de\/wp-content\/uploads\/2021\/10\/JGP-Preis3-2.3-600x855.png 600w\" sizes=\"auto, (max-width: 702px) 100vw, 702px\" \/><\/a><\/figure>\n<\/figure>\n\n\n\n<div class=\"wp-block-columns is-layout-flex wp-container-core-columns-is-layout-9d6595d7 wp-block-columns-is-layout-flex\">\n<div class=\"wp-block-column is-layout-flow wp-block-column-is-layout-flow\" style=\"flex-basis:100%\">\n<div class=\"wp-block-group\"><div class=\"wp-block-group__inner-container is-layout-flow wp-block-group-is-layout-flow\">\n<p><strong>3.<\/strong> <strong>Preis<\/strong><br><strong>Stadtteile verkn\u00fcpfen \u2013 Menschen vernetzen<\/strong><br>Melanie Hacker-Heller, Eva-Maria Kraus<br>TU Dresden<\/p>\n<\/div><\/div>\n<\/div>\n<\/div>\n\n\n\n<figure class=\"wp-block-gallery has-nested-images columns-default is-cropped wp-block-gallery-7 is-layout-flex wp-block-gallery-is-layout-flex\">\n<figure class=\"wp-block-image size-large\"><a href=\"https:\/\/www.johannes-goederitz-stiftung.de\/wp-content\/uploads\/2021\/10\/JGP-PreisA-1.1.png\"><img loading=\"lazy\" decoding=\"async\" width=\"707\" height=\"1000\" data-id=\"2497\" src=\"https:\/\/www.johannes-goederitz-stiftung.de\/wp-content\/uploads\/2021\/10\/JGP-PreisA-1.1.png\" alt=\"\" class=\"wp-image-2497\" srcset=\"https:\/\/www.johannes-goederitz-stiftung.de\/wp-content\/uploads\/2021\/10\/JGP-PreisA-1.1.png 707w, https:\/\/www.johannes-goederitz-stiftung.de\/wp-content\/uploads\/2021\/10\/JGP-PreisA-1.1-212x300.png 212w, https:\/\/www.johannes-goederitz-stiftung.de\/wp-content\/uploads\/2021\/10\/JGP-PreisA-1.1-600x849.png 600w\" sizes=\"auto, (max-width: 707px) 100vw, 707px\" \/><\/a><\/figure>\n\n\n\n<figure class=\"wp-block-image size-large\"><a href=\"https:\/\/www.johannes-goederitz-stiftung.de\/wp-content\/uploads\/2021\/10\/JGP-PreisA-1.2.png\"><img loading=\"lazy\" decoding=\"async\" width=\"707\" height=\"1000\" data-id=\"2498\" src=\"https:\/\/www.johannes-goederitz-stiftung.de\/wp-content\/uploads\/2021\/10\/JGP-PreisA-1.2.png\" alt=\"\" class=\"wp-image-2498\" srcset=\"https:\/\/www.johannes-goederitz-stiftung.de\/wp-content\/uploads\/2021\/10\/JGP-PreisA-1.2.png 707w, https:\/\/www.johannes-goederitz-stiftung.de\/wp-content\/uploads\/2021\/10\/JGP-PreisA-1.2-212x300.png 212w, https:\/\/www.johannes-goederitz-stiftung.de\/wp-content\/uploads\/2021\/10\/JGP-PreisA-1.2-600x849.png 600w\" sizes=\"auto, (max-width: 707px) 100vw, 707px\" \/><\/a><\/figure>\n\n\n\n<figure class=\"wp-block-image size-large\"><a href=\"https:\/\/www.johannes-goederitz-stiftung.de\/wp-content\/uploads\/2021\/10\/JGP-PreisA-1.3.png\"><img loading=\"lazy\" decoding=\"async\" width=\"707\" height=\"1000\" data-id=\"2499\" src=\"https:\/\/www.johannes-goederitz-stiftung.de\/wp-content\/uploads\/2021\/10\/JGP-PreisA-1.3.png\" alt=\"\" class=\"wp-image-2499\" srcset=\"https:\/\/www.johannes-goederitz-stiftung.de\/wp-content\/uploads\/2021\/10\/JGP-PreisA-1.3.png 707w, https:\/\/www.johannes-goederitz-stiftung.de\/wp-content\/uploads\/2021\/10\/JGP-PreisA-1.3-212x300.png 212w, https:\/\/www.johannes-goederitz-stiftung.de\/wp-content\/uploads\/2021\/10\/JGP-PreisA-1.3-600x849.png 600w\" sizes=\"auto, (max-width: 707px) 100vw, 707px\" \/><\/a><\/figure>\n<\/figure>\n\n\n\n<div class=\"wp-block-columns is-layout-flex wp-container-core-columns-is-layout-9d6595d7 wp-block-columns-is-layout-flex\">\n<div class=\"wp-block-column is-layout-flow wp-block-column-is-layout-flow\" style=\"flex-basis:100%\">\n<div class=\"wp-block-group\"><div class=\"wp-block-group__inner-container is-layout-flow wp-block-group-is-layout-flow\">\n<p><strong>Anerkennung<\/strong><br><strong>VahrenWALD<\/strong><br>Christien Burandt, Lisa Jagemann<br>TU Braunschweig<\/p>\n<\/div><\/div>\n<\/div>\n<\/div>\n\n\n\n<figure class=\"wp-block-gallery has-nested-images columns-default is-cropped wp-block-gallery-8 is-layout-flex wp-block-gallery-is-layout-flex\">\n<figure class=\"wp-block-image size-large\"><a href=\"https:\/\/www.johannes-goederitz-stiftung.de\/wp-content\/uploads\/2021\/10\/JGP-PreisA-2.1.png\"><img loading=\"lazy\" decoding=\"async\" width=\"709\" height=\"1000\" data-id=\"2500\" src=\"https:\/\/www.johannes-goederitz-stiftung.de\/wp-content\/uploads\/2021\/10\/JGP-PreisA-2.1.png\" alt=\"\" class=\"wp-image-2500\" srcset=\"https:\/\/www.johannes-goederitz-stiftung.de\/wp-content\/uploads\/2021\/10\/JGP-PreisA-2.1.png 709w, https:\/\/www.johannes-goederitz-stiftung.de\/wp-content\/uploads\/2021\/10\/JGP-PreisA-2.1-213x300.png 213w, https:\/\/www.johannes-goederitz-stiftung.de\/wp-content\/uploads\/2021\/10\/JGP-PreisA-2.1-600x846.png 600w\" sizes=\"auto, (max-width: 709px) 100vw, 709px\" \/><\/a><\/figure>\n\n\n\n<figure class=\"wp-block-image size-large\"><a href=\"https:\/\/www.johannes-goederitz-stiftung.de\/wp-content\/uploads\/2021\/10\/JGP-PreisA-2.2.png\"><img loading=\"lazy\" decoding=\"async\" width=\"709\" height=\"1000\" data-id=\"2501\" src=\"https:\/\/www.johannes-goederitz-stiftung.de\/wp-content\/uploads\/2021\/10\/JGP-PreisA-2.2.png\" alt=\"\" class=\"wp-image-2501\" srcset=\"https:\/\/www.johannes-goederitz-stiftung.de\/wp-content\/uploads\/2021\/10\/JGP-PreisA-2.2.png 709w, https:\/\/www.johannes-goederitz-stiftung.de\/wp-content\/uploads\/2021\/10\/JGP-PreisA-2.2-213x300.png 213w, https:\/\/www.johannes-goederitz-stiftung.de\/wp-content\/uploads\/2021\/10\/JGP-PreisA-2.2-600x846.png 600w\" sizes=\"auto, (max-width: 709px) 100vw, 709px\" \/><\/a><\/figure>\n\n\n\n<figure class=\"wp-block-image size-large\"><a href=\"https:\/\/www.johannes-goederitz-stiftung.de\/wp-content\/uploads\/2021\/10\/JGP-PreisA-2.3.png\"><img loading=\"lazy\" decoding=\"async\" width=\"709\" height=\"1000\" data-id=\"2502\" src=\"https:\/\/www.johannes-goederitz-stiftung.de\/wp-content\/uploads\/2021\/10\/JGP-PreisA-2.3.png\" alt=\"\" class=\"wp-image-2502\" srcset=\"https:\/\/www.johannes-goederitz-stiftung.de\/wp-content\/uploads\/2021\/10\/JGP-PreisA-2.3.png 709w, https:\/\/www.johannes-goederitz-stiftung.de\/wp-content\/uploads\/2021\/10\/JGP-PreisA-2.3-213x300.png 213w, https:\/\/www.johannes-goederitz-stiftung.de\/wp-content\/uploads\/2021\/10\/JGP-PreisA-2.3-600x846.png 600w\" sizes=\"auto, (max-width: 709px) 100vw, 709px\" \/><\/a><\/figure>\n<\/figure>\n\n\n\n<div class=\"wp-block-columns is-layout-flex wp-container-core-columns-is-layout-9d6595d7 wp-block-columns-is-layout-flex\">\n<div class=\"wp-block-column is-layout-flow wp-block-column-is-layout-flow\" style=\"flex-basis:100%\">\n<div class=\"wp-block-group\"><div class=\"wp-block-group__inner-container is-layout-flow wp-block-group-is-layout-flow\">\n<p><strong>Anerkennung<\/strong><br><strong>Wir seh\u2019n uns bald..<\/strong><br>Ole Brederlau, Leonie Seifert<br>Leibniz Universit\u00e4t Hannover<\/p>\n<\/div><\/div>\n<\/div>\n<\/div>\n","protected":false},"excerpt":{"rendered":"<p>Von der autogrechten zu einer menschengerechten Stadt? \u201eDas Wunder von Hannover\u201c lautete ein Titel aus dem SPIEGEL im&#8230;<\/p>\n","protected":false},"author":1,"featured_media":2441,"comment_status":"open","ping_status":"open","sticky":false,"template":"","format":"standard","meta":{"footnotes":""},"categories":[32,11],"tags":[],"class_list":["post-2430","post","type-post","status-publish","format-standard","has-post-thumbnail","hentry","category-meldungen","category-wettbewerbe","content-wrap"],"_links":{"self":[{"href":"https:\/\/www.johannes-goederitz-stiftung.de\/index.php?rest_route=\/wp\/v2\/posts\/2430","targetHints":{"allow":["GET"]}}],"collection":[{"href":"https:\/\/www.johannes-goederitz-stiftung.de\/index.php?rest_route=\/wp\/v2\/posts"}],"about":[{"href":"https:\/\/www.johannes-goederitz-stiftung.de\/index.php?rest_route=\/wp\/v2\/types\/post"}],"author":[{"embeddable":true,"href":"https:\/\/www.johannes-goederitz-stiftung.de\/index.php?rest_route=\/wp\/v2\/users\/1"}],"replies":[{"embeddable":true,"href":"https:\/\/www.johannes-goederitz-stiftung.de\/index.php?rest_route=%2Fwp%2Fv2%2Fcomments&post=2430"}],"version-history":[{"count":22,"href":"https:\/\/www.johannes-goederitz-stiftung.de\/index.php?rest_route=\/wp\/v2\/posts\/2430\/revisions"}],"predecessor-version":[{"id":2540,"href":"https:\/\/www.johannes-goederitz-stiftung.de\/index.php?rest_route=\/wp\/v2\/posts\/2430\/revisions\/2540"}],"wp:featuredmedia":[{"embeddable":true,"href":"https:\/\/www.johannes-goederitz-stiftung.de\/index.php?rest_route=\/wp\/v2\/media\/2441"}],"wp:attachment":[{"href":"https:\/\/www.johannes-goederitz-stiftung.de\/index.php?rest_route=%2Fwp%2Fv2%2Fmedia&parent=2430"}],"wp:term":[{"taxonomy":"category","embeddable":true,"href":"https:\/\/www.johannes-goederitz-stiftung.de\/index.php?rest_route=%2Fwp%2Fv2%2Fcategories&post=2430"},{"taxonomy":"post_tag","embeddable":true,"href":"https:\/\/www.johannes-goederitz-stiftung.de\/index.php?rest_route=%2Fwp%2Fv2%2Ftags&post=2430"}],"curies":[{"name":"wp","href":"https:\/\/api.w.org\/{rel}","templated":true}]}}